[{"@context":"https:\/\/schema.org\/","@type":"Article","@id":"https:\/\/www.keyoka.sk\/gdpr-sprisnena-ochrana-osobnych-udajov-zamestnanca-aj-zakaznika\/#Article","mainEntityOfPage":"https:\/\/www.keyoka.sk\/gdpr-sprisnena-ochrana-osobnych-udajov-zamestnanca-aj-zakaznika\/","headline":"GDPR- spr\u00edsnen\u00e1 ochrana osobn\u00fdch \u00fadajov zamestnanca aj z\u00e1kazn\u00edka","name":"GDPR- spr\u00edsnen\u00e1 ochrana osobn\u00fdch \u00fadajov zamestnanca aj z\u00e1kazn\u00edka","description":"Podnikatelia sa bud\u00fa od 25.5. 2018 zrejme stret\u00e1va\u0165 s pojmom GDPR \u010doraz \u010dastej\u0161ie, nako\u013eko sa spr\u00edsni bezpe\u010dnos\u0165 manipul\u00e1cie s osobn\u00fdmi \u00fadajmi ich zamestnancov. Pozrime sa najsk\u00f4r bli\u017e\u0161ie na skratku GDPR. Je odvoden\u00e1 z anglick\u00e9ho General Data Protection Regulation, \u010di\u017ee Ochrana a regul\u00e1cia osobn\u00fdch \u00fadajov. Od vy\u0161\u0161ie spomenut\u00e9ho d\u00e1tumu \u00fadajne prinesie&hellip; ","datePublished":"2025-03-04","dateModified":"2025-03-04","author":{"@type":"Person","@id":"https:\/\/www.keyoka.sk\/author\/#Person","name":"","url":"https:\/\/www.keyoka.sk\/author\/","identifier":1,"image":{"@type":"ImageObject","@id":"https:\/\/secure.gravatar.com\/avatar\/4c6f4cec51e1a1b20d9361c6367b917eb8db239c023f88502d2833b745a358d4?s=96&d=mm&r=g","url":"https:\/\/secure.gravatar.com\/avatar\/4c6f4cec51e1a1b20d9361c6367b917eb8db239c023f88502d2833b745a358d4?s=96&d=mm&r=g","height":96,"width":96}},"publisher":{"@type":"Organization","name":"keyoka.sk","logo":{"@type":"ImageObject","@id":"\/logo.png","url":"\/logo.png","width":600,"height":60}},"image":{"@type":"ImageObject","@id":"https:\/\/www.keyoka.sk\/wp-content\/uploads\/img_a287679_w2031_t1525699569.jpg","url":"https:\/\/www.keyoka.sk\/wp-content\/uploads\/img_a287679_w2031_t1525699569.jpg","height":0,"width":0},"url":"https:\/\/www.keyoka.sk\/gdpr-sprisnena-ochrana-osobnych-udajov-zamestnanca-aj-zakaznika\/","about":["Podnikanie"],"wordCount":383,"articleBody":"Podnikatelia sa bud\u00fa od 25.5. 2018 zrejme stret\u00e1va\u0165 s pojmom GDPR \u010doraz \u010dastej\u0161ie, nako\u013eko sa spr\u00edsni bezpe\u010dnos\u0165 manipul\u00e1cie s osobn\u00fdmi \u00fadajmi ich zamestnancov.Pozrime sa najsk\u00f4r bli\u017e\u0161ie na skratku GDPR. Je odvoden\u00e1 z anglick\u00e9ho General Data Protection Regulation, \u010di\u017ee Ochrana a regul\u00e1cia osobn\u00fdch \u00fadajov. Od vy\u0161\u0161ie spomenut\u00e9ho d\u00e1tumu \u00fadajne prinesie nov\u00e9 pravidl\u00e1, ktor\u00fdch poru\u0161enie bude potrestan\u00e9 nemalou finan\u010dnou pokutou, respekt\u00edve formou vysokej sankcie. Nov\u00e9 pravidl\u00e1 GDPR sa od tohto d\u00e1tumu bud\u00fa dot\u00fdka\u0165 v\u0161etk\u00fdch kraj\u00edn E\u00fa bez rozdielu, v\u00fdnimkou tak nebud\u00fa ani slovensk\u00ed podnikatelia. Toto nariadenie bude v oblasti ochrany osobn\u00fdch \u00fadajov zamestnancov najpr\u00edsnej\u0161\u00edm a z\u00e1rove\u0148 najhlavnej\u0161\u00edm bodom, ostatn\u00e9 z\u00e1kony t\u00fdkaj\u00face sa ochrany \u00fadajov bud\u00fa viac menej iba ved\u013eaj\u0161\u00edm, pomocn\u00fdm bodom pre jeho spr\u00e1vne zavedenie do praxe.\u00a0Tak\u00e9to nariadenie vlastne postihne viacer\u00e9 subjekty, preto\u017ee s \u00fadajmi \u013eud\u00ed sa pracuje denne, napr\u00edklad aj pri vybavovan\u00ed objedn\u00e1vky, veden\u00ed \u00fadajov o zamestnancoch, lek\u00e1ri zasa pracuj\u00fa s \u00fadajmi pacientov,&#8230; ka\u017edop\u00e1dne s nariaden\u00edm GDPR sa stretne takmer ka\u017ed\u00fd podnikate\u013e, s\u00fakromn\u00edk, ako aj verejnopr\u00e1vne organiz\u00e1cie. Pritom sa ale v podstate netreba automaticky tejto zmeny b\u00e1\u0165, treba by\u0165 len pozorn\u00fd a s \u00fadajmi zamestnanca, z\u00e1kazn\u00edka, alebo pacienta\u00a0 manipulova\u0165 len v kontexte, ak\u00fd n\u00e1m pod\u013ea nov\u00e9ho ustanovenia prin\u00e1le\u017e\u00ed. Teda nezverejnova\u0165 jeho \u00fadaje \u010di foto na soci\u00e1lnu sie\u0165 bez jeho uvedomenia a s\u00fahlasu, \u010di podobne.Rozdiel sa bude kl\u00e1s\u0165 i na fakt, ktor\u00e9 \u00fadaje naozaj mo\u017eno ozna\u010di\u0165 za osobn\u00e9 a ktor\u00e9 nie.\u00a0Ak sa bude manipulova\u0165 s \u00fadajmi, v ktor\u00fdch sa len zverejn\u00ed meno doty\u010dn\u00e9ho, av\u0161ak bude p\u00f4sobi\u0165 radovo (napr\u00edklad ak sa niekto vol\u00e1 Jozef \u017dem\u013ea), bez konkr\u00e9tnej fotografie, tak je zrejm\u00e9, \u017ee nejde o ak\u00fdsi osobn\u00fd \u00fadaj, sk\u00f4r len zbe\u017en\u00fd a v takom pr\u00edpade je uverej\u0148ovanie beztrestn\u00e9. Ak ale budeme verejne manipulova\u0165 s \u00fadajmi Jozefa \u017dem\u013eu s konkr\u00e9tnou fotografiou, adresou,&#8230;v takom pr\u00edpade ide o vidite\u013ene osobn\u00fd z\u00e1sah a na ten treba povolenie konkr\u00e9tne od doty\u010dn\u00e9ho Jozefa \u017dem\u013eu.                                                                                                                                                                                                                                                                                                                                                                                        4.3\/5 - (7 votes)        "},{"@context":"https:\/\/schema.org\/","@type":"BreadcrumbList","itemListElement":[{"@type":"ListItem","position":1,"name":"GDPR- spr\u00edsnen\u00e1 ochrana osobn\u00fdch \u00fadajov zamestnanca aj z\u00e1kazn\u00edka","item":"https:\/\/www.keyoka.sk\/gdpr-sprisnena-ochrana-osobnych-udajov-zamestnanca-aj-zakaznika\/#breadcrumbitem"}]}]